{"id":5195,"date":"2026-03-08T13:02:38","date_gmt":"2026-03-08T16:02:38","guid":{"rendered":"https:\/\/aupe.org.uy\/web\/?p=5195"},"modified":"2026-03-08T13:02:38","modified_gmt":"2026-03-08T16:02:38","slug":"dias-y-horario-de-atencion-en-sede-social-a-partir-del-9-de-marzo-de-2026","status":"publish","type":"post","link":"https:\/\/aupe.org.uy\/web\/dias-y-horario-de-atencion-en-sede-social-a-partir-del-9-de-marzo-de-2026\/","title":{"rendered":"Dias y Horario de atenci\u00f3n en Sede Social a partir del 9 de marzo de 2026."},"content":{"rendered":"<p>A partir del lunes 9 de marzo, y para adecuarnos al cambio de horario del Poder Judicial, la atenci\u00f3n al socio y al p\u00fablico en la Sede Social ser\u00e1 de 14 a 17 hs., los d\u00edas lunes, mi\u00e9rcoles y viernes.<\/p>\n<p style=\"text-align: center;\"><a href=\"https:\/\/i0.wp.com\/aupe.org.uy\/web\/wp-content\/uploads\/2026\/03\/Atencion-al-Publico-en-AUPE-Horario-de-14-a-17-hs.jpg?ssl=1\"><img data-recalc-dims=\"1\" fetchpriority=\"high\" decoding=\"async\" data-attachment-id=\"5194\" data-permalink=\"https:\/\/aupe.org.uy\/web\/dias-y-horario-de-atencion-en-sede-social-a-partir-del-9-de-marzo-de-2026\/atencion-al-publico-en-aupe-horario-de-14-a-17-hs\/\" data-orig-file=\"https:\/\/i0.wp.com\/aupe.org.uy\/web\/wp-content\/uploads\/2026\/03\/Atencion-al-Publico-en-AUPE-Horario-de-14-a-17-hs.jpg?fit=1024%2C1024&amp;ssl=1\" data-orig-size=\"1024,1024\" data-comments-opened=\"0\" data-image-meta=\"{&quot;aperture&quot;:&quot;0&quot;,&quot;credit&quot;:&quot;&quot;,&quot;camera&quot;:&quot;&quot;,&quot;caption&quot;:&quot;&quot;,&quot;created_timestamp&quot;:&quot;0&quot;,&quot;copyright&quot;:&quot;&quot;,&quot;focal_length&quot;:&quot;0&quot;,&quot;iso&quot;:&quot;0&quot;,&quot;shutter_speed&quot;:&quot;0&quot;,&quot;title&quot;:&quot;&quot;,&quot;orientation&quot;:&quot;0&quot;}\" data-image-title=\"Atenci\u00f3n al P\u00fablico en AUPE Horario de 14 a 17 hs.\" data-image-description=\"\" data-image-caption=\"\" data-medium-file=\"https:\/\/i0.wp.com\/aupe.org.uy\/web\/wp-content\/uploads\/2026\/03\/Atencion-al-Publico-en-AUPE-Horario-de-14-a-17-hs.jpg?fit=300%2C300&amp;ssl=1\" data-large-file=\"https:\/\/i0.wp.com\/aupe.org.uy\/web\/wp-content\/uploads\/2026\/03\/Atencion-al-Publico-en-AUPE-Horario-de-14-a-17-hs.jpg?fit=800%2C800&amp;ssl=1\" class=\"aligncenter wp-image-5194\" src=\"https:\/\/i0.wp.com\/aupe.org.uy\/web\/wp-content\/uploads\/2026\/03\/Atencion-al-Publico-en-AUPE-Horario-de-14-a-17-hs.jpg?resize=487%2C487&#038;ssl=1\" alt=\"\" width=\"487\" height=\"487\" srcset=\"https:\/\/i0.wp.com\/aupe.org.uy\/web\/wp-content\/uploads\/2026\/03\/Atencion-al-Publico-en-AUPE-Horario-de-14-a-17-hs.jpg?w=1024&amp;ssl=1 1024w, https:\/\/i0.wp.com\/aupe.org.uy\/web\/wp-content\/uploads\/2026\/03\/Atencion-al-Publico-en-AUPE-Horario-de-14-a-17-hs.jpg?resize=300%2C300&amp;ssl=1 300w, https:\/\/i0.wp.com\/aupe.org.uy\/web\/wp-content\/uploads\/2026\/03\/Atencion-al-Publico-en-AUPE-Horario-de-14-a-17-hs.jpg?resize=150%2C150&amp;ssl=1 150w, https:\/\/i0.wp.com\/aupe.org.uy\/web\/wp-content\/uploads\/2026\/03\/Atencion-al-Publico-en-AUPE-Horario-de-14-a-17-hs.jpg?resize=768%2C768&amp;ssl=1 768w, https:\/\/i0.wp.com\/aupe.org.uy\/web\/wp-content\/uploads\/2026\/03\/Atencion-al-Publico-en-AUPE-Horario-de-14-a-17-hs.jpg?w=600&amp;ssl=1 600w\" sizes=\"(max-width: 487px) 100vw, 487px\" \/><\/a><\/p>\n","protected":false},"excerpt":{"rendered":"<p>A partir del lunes 9 de marzo, y para adecuarnos al cambio de horario del Poder Judicial, la atenci\u00f3n al socio y al p\u00fablico en la Sede Social ser\u00e1 de 14 a 17 hs., los d\u00edas lunes, mi\u00e9rcoles y viernes.<\/p>\n","protected":false},"author":3,"featured_media":5194,"comment_status":"closed","ping_status":"closed","sticky":false,"template":"","format":"standard","meta":{"_jetpack_newsletter_access":"","_jetpack_dont_email_post_to_subs":false,"_jetpack_newsletter_tier_id":0,"_jetpack_memberships_contains_paywalled_content":false,"_jetpack_memberships_contains_paid_content":false,"footnotes":""},"categories":[55,37],"tags":[],"class_list":["post-5195","post","type-post","status-publish","format-standard","has-post-thumbnail","hentry","category-actualidad","category-destacados"],"jetpack_featured_media_url":"https:\/\/i0.wp.com\/aupe.org.uy\/web\/wp-content\/uploads\/2026\/03\/Atencion-al-Publico-en-AUPE-Horario-de-14-a-17-hs.jpg?fit=1024%2C1024&ssl=1","jetpack_sharing_enabled":true,"jetpack_shortlink":"https:\/\/wp.me\/p6c3En-1lN","_links":{"self":[{"href":"https:\/\/aupe.org.uy\/web\/wp-json\/wp\/v2\/posts\/5195","targetHints":{"allow":["GET"]}}],"collection":[{"href":"https:\/\/aupe.org.uy\/web\/wp-json\/wp\/v2\/posts"}],"about":[{"href":"https:\/\/aupe.org.uy\/web\/wp-json\/wp\/v2\/types\/post"}],"author":[{"embeddable":true,"href":"https:\/\/aupe.org.uy\/web\/wp-json\/wp\/v2\/users\/3"}],"replies":[{"embeddable":true,"href":"https:\/\/aupe.org.uy\/web\/wp-json\/wp\/v2\/comments?post=5195"}],"version-history":[{"count":2,"href":"https:\/\/aupe.org.uy\/web\/wp-json\/wp\/v2\/posts\/5195\/revisions"}],"predecessor-version":[{"id":5197,"href":"https:\/\/aupe.org.uy\/web\/wp-json\/wp\/v2\/posts\/5195\/revisions\/5197"}],"wp:featuredmedia":[{"embeddable":true,"href":"https:\/\/aupe.org.uy\/web\/wp-json\/wp\/v2\/media\/5194"}],"wp:attachment":[{"href":"https:\/\/aupe.org.uy\/web\/wp-json\/wp\/v2\/media?parent=5195"}],"wp:term":[{"taxonomy":"category","embeddable":true,"href":"https:\/\/aupe.org.uy\/web\/wp-json\/wp\/v2\/categories?post=5195"},{"taxonomy":"post_tag","embeddable":true,"href":"https:\/\/aupe.org.uy\/web\/wp-json\/wp\/v2\/tags?post=5195"}],"curies":[{"name":"wp","href":"https:\/\/api.w.org\/{rel}","templated":true}]}}